[{"@context":"https:\/\/schema.org\/","@type":"Article","@id":"https:\/\/www.dusko.sk\/svetelna-nadej-novej-generacie\/#Article","mainEntityOfPage":"https:\/\/www.dusko.sk\/svetelna-nadej-novej-generacie\/","headline":"Sveteln\u00e1 n\u00e1dej novej gener\u00e1cie","name":"Sveteln\u00e1 n\u00e1dej novej gener\u00e1cie","description":"Potrebujeme elektrinu a aj zdroj svetla. Bez neho by sme si vn\u00fatri v zime takmer ni\u010d nespravili. Ani by sme sa r\u00e1no neprichystali do pr\u00e1ce.","datePublished":"2020-09-22","dateModified":"2023-04-29","author":{"@type":"Person","@id":"https:\/\/www.dusko.sk\/author\/#Person","name":"","url":"https:\/\/www.dusko.sk\/author\/","identifier":1,"image":{"@type":"ImageObject","@id":"https:\/\/secure.gravatar.com\/avatar\/a414941ff2b86a79f1a70a433f21d60df00047fefe742a46b6fded139881a475?s=96&d=mm&r=g","url":"https:\/\/secure.gravatar.com\/avatar\/a414941ff2b86a79f1a70a433f21d60df00047fefe742a46b6fded139881a475?s=96&d=mm&r=g","height":96,"width":96}},"publisher":{"@type":"Organization","name":"dusko.sk","logo":{"@type":"ImageObject","@id":"\/logo.png","url":"\/logo.png","width":600,"height":60}},"image":{"@type":"ImageObject","@id":"https:\/\/www.dusko.sk\/wp-content\/uploads\/problem-5273058_1920.jpg","url":"https:\/\/www.dusko.sk\/wp-content\/uploads\/problem-5273058_1920.jpg","height":0,"width":0},"url":"https:\/\/www.dusko.sk\/svetelna-nadej-novej-generacie\/","wordCount":423,"articleBody":"           Potrebujeme elektrinu a aj zdroj svetla. Bez neho by sme si vn\u00fatri v zime takmer ni\u010d nespravili. Ani by sme sa r\u00e1no neprichystali do pr\u00e1ce. Je to nutnos\u0165. V lete by sme sa e\u0161te mo\u017eno ako tak zaobi\u0161li aj bez svetla, ale v zime ho potrebujeme ako so\u013e. Ke\u010f r\u00e1no vst\u00e1vame do pr\u00e1ce, tak je vonku e\u0161te tma a ke\u010f prich\u00e1dzame z pr\u00e1ce, tak u\u017e za\u010d\u00edna by\u0165 \u0161ero, a\u017e tma. Z\u00e1le\u017e\u00ed od toho ako chod\u00edte do pr\u00e1ce, ale v\u00e4\u010d\u0161ina \u013eud\u00ed to m\u00e1 takto, ak chod\u00ed do pr\u00e1ce ako be\u017en\u00ed \u013eudia a nerobia na zmeny. Ale aj v tom pr\u00edpade by sa dalo hovori\u0165 o  nutnosti i svetla. Ve\u010f sa v s\u00fa\u010dasnosti nad t\u00fdm \u010dlovek ani ve\u013emi nezam\u00fd\u0161\u013ea, \u010di svieti\u0165 alebo nie, preto\u017ee je to prirodzen\u00e1 s\u00fa\u010das\u0165 na\u0161ich \u017eivotov. Zam\u00fd\u0161\u013ea\u0165 sa nad t\u00fdm ako by sme \u017eili bez elektriny n\u00e1s ani nenapadne, preto\u017ee nie\u010do tak\u00e9 nemus\u00edme rie\u0161i\u0165. Maxim\u00e1lne sa nad t\u00fdm zamysl\u00edme na p\u00e1r sek\u00fand a t\u00fdm to pre n\u00e1s hasne.  Na\u0161\u0165astie dnes existuj\u00fa \u017eiarovky. A nie len tak oby\u010dajn\u00e9 \u017eiarovavky, ale led \u017eiarovky e14. S\u00fa \u017eiarovky, ktor\u00e9 sa naz\u00fdvaj\u00fa ako nov\u00e1 gener\u00e1cia \u017eiaroviek. Nielen\u017ee sa zni\u017euje pri nich spotreba elektrickej energie, ale ove\u013ea menej za\u0165a\u017euj\u00fa \u017eivotn\u00e9 prostredie a maj\u00fa dlh\u00fa \u017eivotnos\u0165. Tak\u017ee v\u00fdmenu \u017eiaroviek nemus\u00edte mo\u017eno aj najbli\u017e\u0161\u00edch p\u00e1r rokov v\u00f4bec rie\u0161i\u0165. Skr\u00e1tka pon\u00fakaj\u00fa v\u0161etko to, \u010do spotrebite\u013e \u017eiaroviek v dne\u0161nej dobe vy\u017eaduje. Jeho v\u00fdhodou je to, \u017ee si nemus\u00edte meni\u0165 v dom\u00e1cnosti svoje svietidl\u00e1, preto\u017ee z\u00e1vit na \u017eiarovke e14 je tak\u00fd ako klasick\u00fd z\u00e1vit na oby\u010dajnej \u017eiarovke. Nemus\u00edte teda investova\u0165 do n\u00e1kupu nov\u00fdch svietidiel a aj nov\u00fdch \u017eiaroviek. Sta\u010d\u00ed nak\u00fapi\u0165 tieto \u017eiarovky a m\u00e1te hotovo.  Uva\u017eova\u0165 nad \u0161etren\u00edm energie v dom\u00e1cnosti sa oplat\u00ed. Drobn\u00fdmi zmenami vieme u\u0161etri\u0165 dos\u0165 ve\u013ek\u00e9 \u010diastky pe\u0148az\u00ed. Ani si to neuvedomujeme, no zmena jedn\u00e9ho n\u00e1vyku, \u010di viacer\u00fdch po istom \u010dase n\u00e1m m\u00f4\u017ee prinies\u0165 zna\u010dn\u00e9 u\u0161etrenie. Treba sa v tom trochu za\u010da\u0165 orientova\u0165 a \u017eivot bude hne\u010f jasnej\u0161\u00ed. Vy budete aj spokojnej\u0161\u00ed, \u017ee nie\u010do pre seba a plan\u00e9tu, \u010di va\u0161u pe\u0148a\u017eenku rob\u00edte.                                                                                                                                                                                                                                                                                                                                                                                                   "},{"@context":"https:\/\/schema.org\/","@type":"BreadcrumbList","itemListElement":[{"@type":"ListItem","position":1,"name":"Sveteln\u00e1 n\u00e1dej novej gener\u00e1cie","item":"https:\/\/www.dusko.sk\/svetelna-nadej-novej-generacie\/#breadcrumbitem"}]}]