[{"@context":"https:\/\/schema.org\/","@type":"Article","@id":"https:\/\/www.dusko.sk\/ublizil-mi-a-to-vela\/#Article","mainEntityOfPage":"https:\/\/www.dusko.sk\/ublizil-mi-a-to-vela\/","headline":"Ubl\u00ed\u017eil mi a to vela","name":"Ubl\u00ed\u017eil mi a to vela","description":"Ukon\u010dila som vz\u0165ah po 4,5 rokoch. Chronick\u00fd klam\u00e1r, finan\u010dn\u00e9 probl\u00e9my m\u00e1val u\u017e kedysi a dostali sme sa do nich aj spolu pod\u013ea zn\u00e1mych, kamar\u00e1tov a","datePublished":"2024-06-06","dateModified":"2024-06-06","author":{"@type":"Person","@id":"https:\/\/www.dusko.sk\/author\/#Person","name":"","url":"https:\/\/www.dusko.sk\/author\/","identifier":1,"image":{"@type":"ImageObject","@id":"https:\/\/secure.gravatar.com\/avatar\/a414941ff2b86a79f1a70a433f21d60df00047fefe742a46b6fded139881a475?s=96&d=mm&r=g","url":"https:\/\/secure.gravatar.com\/avatar\/a414941ff2b86a79f1a70a433f21d60df00047fefe742a46b6fded139881a475?s=96&d=mm&r=g","height":96,"width":96}},"publisher":{"@type":"Organization","name":"dusko.sk","logo":{"@type":"ImageObject","@id":"\/logo.png","url":"\/logo.png","width":600,"height":60}},"image":{"@type":"ImageObject","@id":"https:\/\/www.dusko.sk\/wp-content\/uploads\/art-1839006_1280_7.jpg","url":"https:\/\/www.dusko.sk\/wp-content\/uploads\/art-1839006_1280_7.jpg","height":0,"width":0},"url":"https:\/\/www.dusko.sk\/ublizil-mi-a-to-vela\/","about":["Spolo\u010dnos\u0165"],"wordCount":432,"articleBody":"Ukon\u010dila som vz\u0165ah po 4,5 rokoch. Chronick\u00fd klam\u00e1r, finan\u010dn\u00e9 probl\u00e9my m\u00e1val u\u017e kedysi a dostali sme sa do nich aj spolu pod\u013ea zn\u00e1mych, kamar\u00e1tov a rodiny je to chor\u00fd \u010dlovek. Nikdy na m\u0148a nevztiahol ruku ani nekri\u010dal. \u010co som si v\u0161imla tak nar\u00e1\u017eok ako to si nekupuj to je hrozn\u00e9, pre\u010do nechod\u00ed\u0161 v podp\u00e4tkoch to je na babk\u00e1ch pekn\u00e9, mala by si sa viac ma\u013eova\u0165 a tak podobne. Milenky po internete asi nemus\u00edme komentova\u0165 mysl\u00edm \u017ee to je to ist\u00e9 ako nevera na\u017eivo. Ch\u00fdbalo mi vo vz\u0165ahu chodenia naproti ke\u010f som sa vracala neskoro z pr\u00e1ce, len tak sa prit\u00fali\u0165 bez toho, aby z toho muselo by\u0165 milovanie ale povedala som si \u017ee tak\u00fd asi je. Jednoducho tak\u00e1 t\u00e1 neha a to, \u017ee tu pre m\u0148a je, to som od neho neza\u017eila a je mi to celkom dos\u0165 \u013e\u00fato. Celkom dos\u0165 sa v tom e\u0161te m\u00fdlim a nie je de\u0148, kedy by som si nespomenula na to, \u010do sme spolu pre\u017eili, robili alebo ako mi s\u013euboval, \u017ee ma neust\u00e1le bude nosi\u0165 na ruk\u00e1ch a \u017ee u\u017e to bude nav\u017edy. Najhor\u0161ie na tom ale je, \u017ee mi naozaj ostali len spomienky a o\u010di pre pla\u010d. A je zauj\u00edmav\u00e9, \u017ee aj ke\u010f mi to\u013ekokr\u00e1t klamal, aj tak na\u0148ho nem\u00f4\u017eem zabudn\u00fa\u0165. Sk\u00fa\u0161ala som chodi\u0165 aj na rande po rozchode s in\u00fdmi chlapmi, ale jednoducho to nie je ono, alebo sa boj\u00edm sklamania a toho, \u017ee by sa to stalo znova a znova a \u017ee by som sa zase sp\u00e1lila.. neviem.Ka\u017edop\u00e1dne som s n\u00edm bola dlho a na to sa len tak zabudn\u00fa\u0165 ned\u00e1. A asi sa z tohto rozchodu budem e\u0161te dlho spam\u00e4t\u00e1va\u0165 a bude ve\u013emi dlho trva\u0165, ne\u017e si n\u00e1jdem niekoho in\u00e9ho a ne\u017e budem ma\u0165 v\u00f4bec odvahu s niek\u00fdm za\u010da\u0165 chodi\u0165 a randi\u0165. V\u0161etko je to smutn\u00e9 a zlo\u017eit\u00e9 a m\u0148a to ve\u013emi mrz\u00ed, ale ned\u00e1 sa ni\u010d robi\u0165. Jednoducho sa mus\u00edm nau\u010di\u0165 s t\u00fdm \u017ei\u0165. Sem tam si pla\u010dem, preto\u017ee to mus\u00ed zo mne von. Na\u0161\u0165astie ale m\u00e1m e\u0161te najlep\u0161iu kamar\u00e1tku, ktor\u00e1 ma st\u00e1le dr\u017e\u00ed nad vodou a som jej za to ve\u013emi v\u010fa\u010dn\u00e1, preto\u017ee mi ve\u013emi pomohla a poradila mi v najhor\u0161\u00edch chv\u00ed\u013each.                                                                                                                                                                                                                                                                                                                                                                                                "},{"@context":"https:\/\/schema.org\/","@type":"BreadcrumbList","itemListElement":[{"@type":"ListItem","position":1,"name":"Ubl\u00ed\u017eil mi a to vela","item":"https:\/\/www.dusko.sk\/ublizil-mi-a-to-vela\/#breadcrumbitem"}]}]