[{"@context":"https:\/\/schema.org\/","@type":"Article","@id":"https:\/\/www.dusko.sk\/zaruceny-zachrana-pre-vasu-chrbticu\/#Article","mainEntityOfPage":"https:\/\/www.dusko.sk\/zaruceny-zachrana-pre-vasu-chrbticu\/","headline":"Zaru\u010den\u00fd z\u00e1chrana pre va\u0161u chrbticu","name":"Zaru\u010den\u00fd z\u00e1chrana pre va\u0161u chrbticu","description":"Od detstv\u00e1 som \u0161portovala, cvi\u010dila aj \u0161peci\u00e1lne cviky na chrbticu, no ani to ma neuchr\u00e1nilo pred nesmiernymi boles\u0165ami. V\u017edy som spala na t\u00fdch najkvalitnej\u0161\u00edch matracoch.","datePublished":"2019-08-18","dateModified":"2023-04-29","author":{"@type":"Person","@id":"https:\/\/www.dusko.sk\/author\/#Person","name":"","url":"https:\/\/www.dusko.sk\/author\/","identifier":1,"image":{"@type":"ImageObject","@id":"https:\/\/secure.gravatar.com\/avatar\/a414941ff2b86a79f1a70a433f21d60df00047fefe742a46b6fded139881a475?s=96&d=mm&r=g","url":"https:\/\/secure.gravatar.com\/avatar\/a414941ff2b86a79f1a70a433f21d60df00047fefe742a46b6fded139881a475?s=96&d=mm&r=g","height":96,"width":96}},"publisher":{"@type":"Organization","name":"dusko.sk","logo":{"@type":"ImageObject","@id":"\/logo.png","url":"\/logo.png","width":600,"height":60}},"image":{"@type":"ImageObject","@id":"https:\/\/www.dusko.sk\/wp-content\/uploads\/img_a307016_w16655_t1569583968.jpg","url":"https:\/\/www.dusko.sk\/wp-content\/uploads\/img_a307016_w16655_t1569583968.jpg","height":0,"width":0},"url":"https:\/\/www.dusko.sk\/zaruceny-zachrana-pre-vasu-chrbticu\/","about":["\u0160port"],"wordCount":386,"articleBody":"        Od  detstv\u00e1 som  \u0161portovala, cvi\u010dila aj \u0161peci\u00e1lne cviky na chrbticu, no ani to ma neuchr\u00e1nilo pred nesmiernymi boles\u0165ami. V\u017edy som spala na t\u00fdch najkvalitnej\u0161\u00edch matracoch. Raz som mala \u0161peci\u00e1lny ortopedick\u00fd matrac, ktor\u00fd naozaj nest\u00e1l m\u00e1lo. Asi po piatich rokoch sa mi v\u0161ak zdalo, \u017ee sa mi na \u0148om nesp\u00ed u\u017e a\u017e tak pohodlne. Preto som ho vymenila za matrac zo studenej pam\u00e4\u0165ovej peny. Len v kr\u00e1tkosti v\u00e1m pribl\u00ed\u017eim, o ak\u00fd materi\u00e1l ide. V podstate je to rovnak\u00e9 ako klasick\u00e1 pam\u00e4\u0165ov\u00e1 pena. Pri v\u00fdrobe v\u0161ak nie je pou\u017e\u00edvan\u00e9 teplo, a tak ide o \u010dosi zdrav\u0161\u00ed materi\u00e1l. Na ortopedick\u00e9 vlastnosti v\u0161ak nem\u00e1 a\u017e tak\u00fd vplyv. No a teraz sp\u00e4\u0165 k chrbtici. Na tomto type matracu sa mi spalo naozaj dobre, aj bolesti boli o nie\u010do miernej\u0161ie. To sa ale op\u00e4\u0165 zmenilo asi po nejak\u00fdch troch rokoch. Pena bola v strede prele\u017ean\u00e1 a aj ke\u010f nie ve\u013emi, nebolo to najpr\u00edjemnej\u0161ie. Preto som sa za\u010dala obzera\u0165 po rie\u0161en\u00ed, ktor\u00e9 nebudem musie\u0165 po p\u00e1r rokoch vymie\u0148a\u0165. Viete, ja som nikdy na svojom zdrav\u00ed ne\u0161etrila, no na druhej strane nie som milion\u00e1r a naozaj nem\u00e1m na to, aby som vyhadzovala p\u00e4\u0165 \u010di sedem stoviek za matrac ka\u017ed\u00fd druh rok. Pri mojom malom prieskume ma jeden predajca v obchode s matracmi upozornil na novinku, a to na pru\u017einov\u00fd matrac. najprv som na neho pozerala tak, \u017ee nie je norm\u00e1lny. Ve\u010f pru\u017einov\u00e9 matrace mali moji rodi\u010dia a nedalo sa na nich spa\u0165. Potom mi ale vysvetlil o \u010do ide. Po kr\u00e1tkom premyslen\u00ed som \u0161la do toho. Mus\u00edm poveda\u0165, \u017ee pru\u017einov\u00fd matrac je pre \u013eud\u00ed, ktor\u00ed trpia boles\u0165ami chrbtice naozaj geni\u00e1lnou vo\u013ebou. Pru\u017einy dok\u00e1\u017eu telu vytvori\u0165 ve\u013emi dobr\u00fa oporu, tak\u017ee chrbtica bol\u00ed naozaj menej. Zatia\u013e m\u00f4\u017eem poveda\u0165, \u017ee som ve\u013emi spokojn\u00e1 aj s jeho \u017eivotnos\u0165ou. M\u00e1m ho u\u017e \u0161tvrt\u00fd rok a zatia\u013e som nepostrehla \u017eiadne prele\u017ean\u00e9 miesta a sp\u00e1nok je priam dokonal\u00fd. Tak\u017ee ak aj vy h\u013ead\u00e1te alternat\u00edvu k ortopedick\u00fdm matracom z pam\u00e4\u0165ovej peny, poobzerajte sa pr\u00e1ve po pru\u017ein\u00e1ch.                                                                                                                                                                                                                                                                                                                                                                                                  "},{"@context":"https:\/\/schema.org\/","@type":"BreadcrumbList","itemListElement":[{"@type":"ListItem","position":1,"name":"Zaru\u010den\u00fd z\u00e1chrana pre va\u0161u chrbticu","item":"https:\/\/www.dusko.sk\/zaruceny-zachrana-pre-vasu-chrbticu\/#breadcrumbitem"}]}]